{"id":39,"date":"2022-05-21T11:10:13","date_gmt":"2022-05-21T11:10:13","guid":{"rendered":"https:\/\/leslecturesdemma.nottiug.com\/?p=39"},"modified":"2022-07-03T10:06:13","modified_gmt":"2022-07-03T10:06:13","slug":"soeur-de-coeur-3","status":"publish","type":"post","link":"https:\/\/lesgrimoiresdemma.fr\/?p=39","title":{"rendered":"S\u0153urs de c\u0153ur"},"content":{"rendered":"<p><a href=\"https:\/\/livre.fnac.com\/a12990570\/Salla-Simukka-Soeurs-de-coeur\" target=\"_blank\" rel=\"noopener\">S\u0153urs de c\u0153ur<\/a><\/p>\n<p>Auteur : Salla Simuka<\/p>\n<p>Traduit du finnois par S\u00e9bastien Cagnoli<\/p>\n<p>&nbsp;<\/p>\n<p>R\u00e9sum\u00e9 :<\/p>\n<p>Un \u00e9trange hiver s&rsquo;est abattu sur la ville.<\/p>\n<p>Peu \u00e0 peu, le froid glace le c\u0153ur des hommes.<\/p>\n<p>Et seule Alice semble s&rsquo;en rendre compte.<\/p>\n<p><a href=\"https:\/\/livre.fnac.com\/a12990570\/\" target=\"_blank\" rel=\"noopener\"><img loading=\"lazy\" decoding=\"async\" class=\"BiCYpc alignleft\" src=\"https:\/\/lh3.googleusercontent.com\/pw\/AM-JKLXZ1-jQUmPcm5shdjt8R881i_R3bgbmiSftL0W5ojo0t27Jpvb-tP1dwBBfA506G9EpwYZpLlXhvN3aibV103mib0TXcu-iRbhHHUdBCyiKec5S_VpNFvBeFWN0TdzcSK23FJ4DdKHLIS82K6d2mVTg=w483-h643-no?authuser=0\" aria-label=\"Photo \u2013 Portrait \u2013 21 mai 2022, 12:40:27\" data-atf=\"true\" data-iml=\"5033\" width=\"368\" height=\"491\" \/><\/a><\/p>\n<p>&nbsp;<\/p>\n<p>Mais une simple libellule va tout changer.<\/p>\n<p>Intrigu\u00e9e par ses ails couleur de l&rsquo;arc-en-ciel,<\/p>\n<p>Alice la suis, tombe\u2026 et n&rsquo;arr\u00eate plus de tomber.<\/p>\n<p>&nbsp;<\/p>\n<p>Alice se r\u00e9veil dans un endroit merveilleux: le pays des s\u0153urs.<\/p>\n<p>&nbsp;<\/p>\n<p>C&rsquo;est l\u00e0 qu&rsquo;elle rencontre Oc\u00e9ane, sa future meilleure amie.<\/p>\n<p>Ensemble, elles d\u00e9couvrent des cr\u00e9atures enchant\u00e9es.<\/p>\n<p>Ensemble, elles partent \u00e0 la recherche d&rsquo;histoires oubli\u00e9es.<\/p>\n<p>Et ensemble, elles devront affronter la reine,<\/p>\n<p>qui veut ensevelir le monde sous un hiver \u00e9ternel.<\/p>\n<p>&nbsp;<\/p>\n<p>Mon avis :<\/p>\n<p>J&rsquo;ai ador\u00e9 ce livre.<\/p>\n<p>Les <span class=\"gmail-cr-widget-FocalReviews\"><span class=\"gmail-a-size-base gmail-review-text\"><span>personnages sont tr\u00e8s attachants<\/span><\/span><\/span><\/p>\n<p><span class=\"gmail-cr-widget-FocalReviews\"><span class=\"gmail-a-size-base gmail-review-text\"><span>\u00a0La morale de l&rsquo;histoire ? L&rsquo;amiti\u00e9 est sacr\u00e9e et qu&rsquo;il ne faut pas la laisser tomber.<\/span><\/span><\/span><\/p>\n<p><span class=\"gmail-cr-widget-FocalReviews\"><span class=\"gmail-a-size-base gmail-review-text\"><span>\u00a0 La plume de l&rsquo;auteur rend la lecture fluide.<\/span><\/span><\/span><span class=\"gmail-cr-widget-FocalReviews\"><span class=\"gmail-a-size-base gmail-review-text\"><span>C&rsquo;est un petit conte tous doux dans un pays merveilleux abordant les<\/span><\/span><\/span><\/p>\n<p><span class=\"gmail-cr-widget-FocalReviews\"><span class=\"gmail-a-size-base gmail-review-text\"><span>\u00a0th\u00e8mes de l&rsquo;amiti\u00e9 et de la cr\u00e9ation imaginaire.<\/span><\/span><\/span><\/p>\n<p><span class=\"gmail-a-size-base\">\u00a0Sa couverture est absolument sublime.<\/span><\/p>\n<p>&nbsp;<\/p>\n<p>Et vous ?<\/p>\n<p>Avez-vous lu ce livre ?<\/p>\n<p>Voulez-vous le lire ?<\/p>\n<p>N\u2019h\u00e9sitez pas \u00e0 partager vos avis et vos envies dans les commentaires.<\/p>\n<p>A bient\u00f4t<\/p>\n<p>Emma<\/p>\n<p>&nbsp;<\/p>\n","protected":false},"excerpt":{"rendered":"<p>S\u0153urs de c\u0153ur Auteur : Salla Simuka Traduit du finnois par S\u00e9bastien Cagnoli &nbsp; R\u00e9sum\u00e9 : Un \u00e9trange hiver s&rsquo;est [&hellip;]<\/p>\n","protected":false},"author":2,"featured_media":0,"comment_status":"open","ping_status":"open","sticky":false,"template":"","format":"standard","meta":{"_monsterinsights_skip_tracking":false,"_monsterinsights_sitenote_active":false,"_monsterinsights_sitenote_note":"","_monsterinsights_sitenote_category":0,"_jetpack_memberships_contains_paid_content":false,"footnotes":""},"categories":[9,21,6],"tags":[10,12,17,23],"class_list":["post-39","post","type-post","status-publish","format-standard","hentry","category-adolescence","category-amitie","category-fantastique","tag-adolescence","tag-amitie","tag-fantastique","tag-imaginaire"],"jetpack_featured_media_url":"","jetpack-related-posts":[],"jetpack_sharing_enabled":true,"_links":{"self":[{"href":"https:\/\/lesgrimoiresdemma.fr\/index.php?rest_route=\/wp\/v2\/posts\/39","targetHints":{"allow":["GET"]}}],"collection":[{"href":"https:\/\/lesgrimoiresdemma.fr\/index.php?rest_route=\/wp\/v2\/posts"}],"about":[{"href":"https:\/\/lesgrimoiresdemma.fr\/index.php?rest_route=\/wp\/v2\/types\/post"}],"author":[{"embeddable":true,"href":"https:\/\/lesgrimoiresdemma.fr\/index.php?rest_route=\/wp\/v2\/users\/2"}],"replies":[{"embeddable":true,"href":"https:\/\/lesgrimoiresdemma.fr\/index.php?rest_route=%2Fwp%2Fv2%2Fcomments&post=39"}],"version-history":[{"count":14,"href":"https:\/\/lesgrimoiresdemma.fr\/index.php?rest_route=\/wp\/v2\/posts\/39\/revisions"}],"predecessor-version":[{"id":208,"href":"https:\/\/lesgrimoiresdemma.fr\/index.php?rest_route=\/wp\/v2\/posts\/39\/revisions\/208"}],"wp:attachment":[{"href":"https:\/\/lesgrimoiresdemma.fr\/index.php?rest_route=%2Fwp%2Fv2%2Fmedia&parent=39"}],"wp:term":[{"taxonomy":"category","embeddable":true,"href":"https:\/\/lesgrimoiresdemma.fr\/index.php?rest_route=%2Fwp%2Fv2%2Fcategories&post=39"},{"taxonomy":"post_tag","embeddable":true,"href":"https:\/\/lesgrimoiresdemma.fr\/index.php?rest_route=%2Fwp%2Fv2%2Ftags&post=39"}],"curies":[{"name":"wp","href":"https:\/\/api.w.org\/{rel}","templated":true}]}}