{"id":649,"date":"2023-03-08T16:53:16","date_gmt":"2023-03-08T16:53:16","guid":{"rendered":"https:\/\/lesgrimoiresdemma.fr\/?p=649"},"modified":"2024-07-19T16:26:40","modified_gmt":"2024-07-19T16:26:40","slug":"rose-rage","status":"publish","type":"post","link":"https:\/\/lesgrimoiresdemma.fr\/?p=649","title":{"rendered":"Rose rage"},"content":{"rendered":"<p>Hello tous le monde ! J&rsquo;esp\u00e8re que vous allez bien. Aujourd&rsquo;hui, on se retrouve dans un nouvel article. Vous devez vous demander pourquoi un article aujourd&rsquo;hui ? On est mercredi non ? Et bien je ne sais pas si vous le savez, mais aujourd&rsquo;hui est la journ\u00e9e internationale des droits des femmes. Donc, j&rsquo;ai voulu vous faire un article sur un livre f\u00e9ministe (pour rester dans le sujet du blog). Et il y auras aussi un article samedi. Cet article \u00e9tait la surprise que j&rsquo;ai \u00e9voqu\u00e9 dans mon dernier article.<\/p>\n<p>Aller, asser blablater<\/p>\n<p>Bonne lecture<\/p>\n<p>&nbsp;<\/p>\n<p>&nbsp;<\/p>\n<p>Quatri\u00e8me de couverture :<\/p>\n<p>\u2014 T\u2019as entendu parler de cette fille qui a \u00e9t\u00e9 renvoy\u00e9e parce qu\u2019elle avait tabass\u00e9 un mec dans la file de la cantine ? Il lui avait touch\u00e9 les fesses\u2026<\/p>\n<p>\u2014 C\u2019est pas juste. C\u2019est pas elle qui devrait \u00eatre renvoy\u00e9e, c\u2019est lui. Et si j\u2019avais un moyen de faire \u00e9clater la v\u00e9rit\u00e9 au grand jour ?<\/p>\n<p>Pour Rach\u00e8le, \u00e0 la t\u00eate du journal du lyc\u00e9e, il est impossible de laisser passer une nouvelle injustice. \u00c7a fait trop longtemps que \u00e7a dure. Que tout le monde ferme les yeux. Elle d\u00e9cide donc d\u2019appeler toutes les filles, toutes les femmes de l\u2019\u00e9tablissement \u00e0 faire gr\u00e8ve. Il est temps pour elles de se faire entendre. Il faut que certaines choses changent enfin.<\/p>\n<p>&nbsp;<\/p>\n<p>&nbsp;<\/p>\n<p><a href=\"https:\/\/www.fnac.com\/a16940024\/\" target=\"_blank\" rel=\"noopener\"><img data-recalc-dims=\"1\" loading=\"lazy\" decoding=\"async\" class=\"f-productMedias__viewItem--main\" src=\"https:\/\/i0.wp.com\/static.fnac-static.com\/multimedia\/Images\/FR\/NR\/0b\/a5\/da\/14329099\/1540-1\/tsp20230720173721\/Rose-Rage.jpg?resize=340%2C340&#038;ssl=1\" alt=\"Rose Rage - 1\" width=\"340\" height=\"340\" data-zoom=\"https:\/\/static.fnac-static.com\/multimedia\/Images\/FR\/NR\/0b\/a5\/da\/14329099\/1507-1\/tsp20230720173721\/Rose-Rage.jpg\" \/><\/a><\/p>\n<p>Si vous voulez acheter ce livre, cliquez sur l\u2019image si dessus,<\/p>\n<p>&nbsp;<\/p>\n<p>&nbsp;<\/p>\n<p>Mon avis :<\/p>\n<p>Ce livre est super. J&rsquo;h\u00e9site entre super et incroyable. Entre les deux je crois. Enfin bref.<\/p>\n<p>Ce livre est incroyablement super car il aborde un sujet que je n&rsquo;ai jamais vu dans les livres (surtout les livres de mon \u00e2ge), le f\u00e9minisme. Et ce n&rsquo;est pas juste des filles et des gars qui parlent de ce sujet, ils agissent vraiment.<\/p>\n<p>Et en plus, ce n&rsquo;est pas un sujet facile a abord\u00e9 donc, bravo a l&rsquo;autrice de ce merveilleux roman. Je le recommande a 1000%<\/p>\n<p>&nbsp;<\/p>\n<p>Et vous ?<\/p>\n<p>Avez-vous lu ce livre,<\/p>\n<p>Voulez vous le lire ?<\/p>\n<p>Dite moi tous dans les commentaires<\/p>\n<p>A samedi,<\/p>\n<p>Emma<\/p>\n","protected":false},"excerpt":{"rendered":"<p>Hello tous le monde ! J&rsquo;esp\u00e8re que vous allez bien. Aujourd&rsquo;hui, on se retrouve dans un nouvel article. Vous devez [&hellip;]<\/p>\n","protected":false},"author":2,"featured_media":0,"comment_status":"open","ping_status":"open","sticky":false,"template":"","format":"standard","meta":{"_monsterinsights_skip_tracking":false,"_monsterinsights_sitenote_active":false,"_monsterinsights_sitenote_note":"","_monsterinsights_sitenote_category":0,"_jetpack_memberships_contains_paid_content":false,"footnotes":""},"categories":[49],"tags":[10,63,62,64],"class_list":["post-649","post","type-post","status-publish","format-standard","hentry","category-lecture","tag-adolescence","tag-feministe","tag-femisisme","tag-girl-power"],"jetpack_featured_media_url":"","jetpack-related-posts":[],"jetpack_sharing_enabled":true,"_links":{"self":[{"href":"https:\/\/lesgrimoiresdemma.fr\/index.php?rest_route=\/wp\/v2\/posts\/649","targetHints":{"allow":["GET"]}}],"collection":[{"href":"https:\/\/lesgrimoiresdemma.fr\/index.php?rest_route=\/wp\/v2\/posts"}],"about":[{"href":"https:\/\/lesgrimoiresdemma.fr\/index.php?rest_route=\/wp\/v2\/types\/post"}],"author":[{"embeddable":true,"href":"https:\/\/lesgrimoiresdemma.fr\/index.php?rest_route=\/wp\/v2\/users\/2"}],"replies":[{"embeddable":true,"href":"https:\/\/lesgrimoiresdemma.fr\/index.php?rest_route=%2Fwp%2Fv2%2Fcomments&post=649"}],"version-history":[{"count":6,"href":"https:\/\/lesgrimoiresdemma.fr\/index.php?rest_route=\/wp\/v2\/posts\/649\/revisions"}],"predecessor-version":[{"id":1085,"href":"https:\/\/lesgrimoiresdemma.fr\/index.php?rest_route=\/wp\/v2\/posts\/649\/revisions\/1085"}],"wp:attachment":[{"href":"https:\/\/lesgrimoiresdemma.fr\/index.php?rest_route=%2Fwp%2Fv2%2Fmedia&parent=649"}],"wp:term":[{"taxonomy":"category","embeddable":true,"href":"https:\/\/lesgrimoiresdemma.fr\/index.php?rest_route=%2Fwp%2Fv2%2Fcategories&post=649"},{"taxonomy":"post_tag","embeddable":true,"href":"https:\/\/lesgrimoiresdemma.fr\/index.php?rest_route=%2Fwp%2Fv2%2Ftags&post=649"}],"curies":[{"name":"wp","href":"https:\/\/api.w.org\/{rel}","templated":true}]}}